{"id":12808,"date":"2021-04-01T15:02:11","date_gmt":"2021-04-01T13:02:11","guid":{"rendered":"https:\/\/www.efdb.ch\/?p=12808"},"modified":"2021-04-01T15:02:14","modified_gmt":"2021-04-01T13:02:14","slug":"10778-2-2-2-2-2-2-2-2-2-2-2-3-2-2-2-4-2-2-2-2-2-2-3-3","status":"publish","type":"post","link":"https:\/\/www.efdb.ch\/de\/10778-2-2-2-2-2-2-2-2-2-2-2-3-2-2-2-4-2-2-2-2-2-2-3-3\/","title":{"rendered":"Activit\u00e9 p\u00e9riscolaire \u00e9l\u00e9mentaire bricolage &#8211; jardinage, les mardis de 16h \u00e0 17h"},"content":{"rendered":"<figure class=\"wp-block-gallery columns-0 is-cropped wp-block-gallery-1 is-layout-flex wp-block-gallery-is-layout-flex\"><ul class=\"blocks-gallery-grid\"><\/ul><\/figure><p>Avec les enfants en atelier jardinage du mardi nous avons r\u00e9alis\u00e9 des \u0153ufs de P\u00e2ques fa\u00e7on jardinage !<\/p><p>Des coquilles d&#8217;\u0153ufs, du terreau et des graines, ici du basilic, et le tour est jou\u00e9 !\u00a0<\/p><p>Il ne reste plus qu\u2019\u00e0 arroser et attendre que les plantations pointent le bout de leur nez.<\/p><p>Bravo aux enfants pour leurs r\u00e9alisations.\u00a0<\/p><p>Oc\u00e9ane Haessig<\/p>","protected":false},"excerpt":{"rendered":"<p>Avec les enfants en atelier jardinage du mardi nous avons r\u00e9alis\u00e9 des \u0153ufs de P\u00e2ques fa\u00e7on jardinage !Des coquilles d&#8217;\u0153ufs, du terreau et des graines, ici du basilic, et le tour est jou\u00e9 !\u00a0Il ne reste plus qu\u2019\u00e0 arroser et attendre que les plantations pointent le bout de leur nez.Bravo aux enfants pour leurs r\u00e9alisations.\u00a0Oc\u00e9ane [&hellip;]<\/p>\n","protected":false},"author":4,"featured_media":12809,"comment_status":"open","ping_status":"open","sticky":false,"template":"","format":"standard","meta":{"_et_pb_use_builder":"","_et_pb_old_content":"","_et_gb_content_width":"","footnotes":""},"categories":[2,15,17],"tags":[],"class_list":["post-12808","post","type-post","status-publish","format-standard","has-post-thumbnail","hentry","category-blog","category-elementaire","category-perisco_elementaire"],"yoast_head":"<!-- This site is optimized with the Yoast SEO plugin v27.5 - https:\/\/yoast.com\/product\/yoast-seo-wordpress\/ -->\n<title>Activit\u00e9 p\u00e9riscolaire \u00e9l\u00e9mentaire bricolage - jardinage, les mardis de 16h \u00e0 17h - EFDB<\/title>\n<meta name=\"robots\" content=\"index, follow, max-snippet:-1, max-image-preview:large, max-video-preview:-1\" \/>\n<link rel=\"canonical\" href=\"https:\/\/www.efdb.ch\/de\/10778-2-2-2-2-2-2-2-2-2-2-2-3-2-2-2-4-2-2-2-2-2-2-3-3\/\" \/>\n<meta property=\"og:locale\" content=\"de_DE\" \/>\n<meta property=\"og:type\" content=\"article\" \/>\n<meta property=\"og:title\" content=\"Activit\u00e9 p\u00e9riscolaire \u00e9l\u00e9mentaire bricolage - jardinage, les mardis de 16h \u00e0 17h - EFDB\" \/>\n<meta property=\"og:description\" content=\"Avec les enfants en atelier jardinage du mardi nous avons r\u00e9alis\u00e9 des \u0153ufs de P\u00e2ques fa\u00e7on jardinage !Des coquilles d&#8217;\u0153ufs, du terreau et des graines, ici du basilic, et le tour est jou\u00e9 !\u00a0Il ne reste plus qu\u2019\u00e0 arroser et attendre que les plantations pointent le bout de leur nez.Bravo aux enfants pour leurs r\u00e9alisations.\u00a0Oc\u00e9ane [&hellip;]\" \/>\n<meta property=\"og:url\" content=\"https:\/\/www.efdb.ch\/de\/10778-2-2-2-2-2-2-2-2-2-2-2-3-2-2-2-4-2-2-2-2-2-2-3-3\/\" \/>\n<meta property=\"og:site_name\" content=\"EFDB\" \/>\n<meta property=\"article:published_time\" content=\"2021-04-01T13:02:11+00:00\" \/>\n<meta property=\"article:modified_time\" content=\"2021-04-01T13:02:14+00:00\" \/>\n<meta name=\"author\" content=\"elementaire\" \/>\n<meta name=\"twitter:card\" content=\"summary_large_image\" \/>\n<meta name=\"twitter:label1\" content=\"Verfasst von\" \/>\n\t<meta name=\"twitter:data1\" content=\"elementaire\" \/>\n\t<meta name=\"twitter:label2\" content=\"Gesch\u00e4tzte Lesezeit\" \/>\n\t<meta name=\"twitter:data2\" content=\"1\u00a0Minute\" \/>\n<script type=\"application\/ld+json\" class=\"yoast-schema-graph\">{\"@context\":\"https:\\\/\\\/schema.org\",\"@graph\":[{\"@type\":\"Article\",\"@id\":\"https:\\\/\\\/www.efdb.ch\\\/de\\\/10778-2-2-2-2-2-2-2-2-2-2-2-3-2-2-2-4-2-2-2-2-2-2-3-3\\\/#article\",\"isPartOf\":{\"@id\":\"https:\\\/\\\/www.efdb.ch\\\/de\\\/10778-2-2-2-2-2-2-2-2-2-2-2-3-2-2-2-4-2-2-2-2-2-2-3-3\\\/\"},\"author\":{\"name\":\"elementaire\",\"@id\":\"https:\\\/\\\/www.efdb.ch\\\/de\\\/#\\\/schema\\\/person\\\/dbd54f20fa2ff82ade0c1ec429cfc90f\"},\"headline\":\"Activit\u00e9 p\u00e9riscolaire \u00e9l\u00e9mentaire bricolage &#8211; jardinage, les mardis de 16h \u00e0 17h\",\"datePublished\":\"2021-04-01T13:02:11+00:00\",\"dateModified\":\"2021-04-01T13:02:14+00:00\",\"mainEntityOfPage\":{\"@id\":\"https:\\\/\\\/www.efdb.ch\\\/de\\\/10778-2-2-2-2-2-2-2-2-2-2-2-3-2-2-2-4-2-2-2-2-2-2-3-3\\\/\"},\"wordCount\":77,\"commentCount\":0,\"image\":{\"@id\":\"https:\\\/\\\/www.efdb.ch\\\/de\\\/10778-2-2-2-2-2-2-2-2-2-2-2-3-2-2-2-4-2-2-2-2-2-2-3-3\\\/#primaryimage\"},\"thumbnailUrl\":\"https:\\\/\\\/www.efdb.ch\\\/wp-content\\\/uploads\\\/2021\\\/04\\\/Oeuf-de-Pa\u0302ques-jardinage_-pdf.jpg\",\"articleSection\":[\"Blog\",\"\u00c9l\u00e9mentaire\",\"P\u00e9riscolaire\"],\"inLanguage\":\"de\",\"potentialAction\":[{\"@type\":\"CommentAction\",\"name\":\"Comment\",\"target\":[\"https:\\\/\\\/www.efdb.ch\\\/de\\\/10778-2-2-2-2-2-2-2-2-2-2-2-3-2-2-2-4-2-2-2-2-2-2-3-3\\\/#respond\"]}]},{\"@type\":\"WebPage\",\"@id\":\"https:\\\/\\\/www.efdb.ch\\\/de\\\/10778-2-2-2-2-2-2-2-2-2-2-2-3-2-2-2-4-2-2-2-2-2-2-3-3\\\/\",\"url\":\"https:\\\/\\\/www.efdb.ch\\\/de\\\/10778-2-2-2-2-2-2-2-2-2-2-2-3-2-2-2-4-2-2-2-2-2-2-3-3\\\/\",\"name\":\"Activit\u00e9 p\u00e9riscolaire \u00e9l\u00e9mentaire bricolage - jardinage, les mardis de 16h \u00e0 17h - EFDB\",\"isPartOf\":{\"@id\":\"https:\\\/\\\/www.efdb.ch\\\/de\\\/#website\"},\"primaryImageOfPage\":{\"@id\":\"https:\\\/\\\/www.efdb.ch\\\/de\\\/10778-2-2-2-2-2-2-2-2-2-2-2-3-2-2-2-4-2-2-2-2-2-2-3-3\\\/#primaryimage\"},\"image\":{\"@id\":\"https:\\\/\\\/www.efdb.ch\\\/de\\\/10778-2-2-2-2-2-2-2-2-2-2-2-3-2-2-2-4-2-2-2-2-2-2-3-3\\\/#primaryimage\"},\"thumbnailUrl\":\"https:\\\/\\\/www.efdb.ch\\\/wp-content\\\/uploads\\\/2021\\\/04\\\/Oeuf-de-Pa\u0302ques-jardinage_-pdf.jpg\",\"datePublished\":\"2021-04-01T13:02:11+00:00\",\"dateModified\":\"2021-04-01T13:02:14+00:00\",\"author\":{\"@id\":\"https:\\\/\\\/www.efdb.ch\\\/de\\\/#\\\/schema\\\/person\\\/dbd54f20fa2ff82ade0c1ec429cfc90f\"},\"breadcrumb\":{\"@id\":\"https:\\\/\\\/www.efdb.ch\\\/de\\\/10778-2-2-2-2-2-2-2-2-2-2-2-3-2-2-2-4-2-2-2-2-2-2-3-3\\\/#breadcrumb\"},\"inLanguage\":\"de\",\"potentialAction\":[{\"@type\":\"ReadAction\",\"target\":[\"https:\\\/\\\/www.efdb.ch\\\/de\\\/10778-2-2-2-2-2-2-2-2-2-2-2-3-2-2-2-4-2-2-2-2-2-2-3-3\\\/\"]}]},{\"@type\":\"ImageObject\",\"inLanguage\":\"de\",\"@id\":\"https:\\\/\\\/www.efdb.ch\\\/de\\\/10778-2-2-2-2-2-2-2-2-2-2-2-3-2-2-2-4-2-2-2-2-2-2-3-3\\\/#primaryimage\",\"url\":\"https:\\\/\\\/www.efdb.ch\\\/wp-content\\\/uploads\\\/2021\\\/04\\\/Oeuf-de-Pa\u0302ques-jardinage_-pdf.jpg\",\"contentUrl\":\"https:\\\/\\\/www.efdb.ch\\\/wp-content\\\/uploads\\\/2021\\\/04\\\/Oeuf-de-Pa\u0302ques-jardinage_-pdf.jpg\"},{\"@type\":\"BreadcrumbList\",\"@id\":\"https:\\\/\\\/www.efdb.ch\\\/de\\\/10778-2-2-2-2-2-2-2-2-2-2-2-3-2-2-2-4-2-2-2-2-2-2-3-3\\\/#breadcrumb\",\"itemListElement\":[{\"@type\":\"ListItem\",\"position\":1,\"name\":\"Accueil\",\"item\":\"https:\\\/\\\/www.efdb.ch\\\/de\\\/\"},{\"@type\":\"ListItem\",\"position\":2,\"name\":\"Activit\u00e9 p\u00e9riscolaire \u00e9l\u00e9mentaire bricolage &#8211; jardinage, les mardis de 16h \u00e0 17h\"}]},{\"@type\":\"WebSite\",\"@id\":\"https:\\\/\\\/www.efdb.ch\\\/de\\\/#website\",\"url\":\"https:\\\/\\\/www.efdb.ch\\\/de\\\/\",\"name\":\"EFDB\",\"description\":\"\u00c9cole fran\u00e7aise de B\u00e2le\",\"potentialAction\":[{\"@type\":\"SearchAction\",\"target\":{\"@type\":\"EntryPoint\",\"urlTemplate\":\"https:\\\/\\\/www.efdb.ch\\\/de\\\/?s={search_term_string}\"},\"query-input\":{\"@type\":\"PropertyValueSpecification\",\"valueRequired\":true,\"valueName\":\"search_term_string\"}}],\"inLanguage\":\"de\"},{\"@type\":\"Person\",\"@id\":\"https:\\\/\\\/www.efdb.ch\\\/de\\\/#\\\/schema\\\/person\\\/dbd54f20fa2ff82ade0c1ec429cfc90f\",\"name\":\"elementaire\",\"url\":\"https:\\\/\\\/www.efdb.ch\\\/de\\\/author\\\/elementaire\\\/\"}]}<\/script>\n<!-- \/ Yoast SEO plugin. -->","yoast_head_json":{"title":"Activit\u00e9 p\u00e9riscolaire \u00e9l\u00e9mentaire bricolage - jardinage, les mardis de 16h \u00e0 17h - EFDB","robots":{"index":"index","follow":"follow","max-snippet":"max-snippet:-1","max-image-preview":"max-image-preview:large","max-video-preview":"max-video-preview:-1"},"canonical":"https:\/\/www.efdb.ch\/de\/10778-2-2-2-2-2-2-2-2-2-2-2-3-2-2-2-4-2-2-2-2-2-2-3-3\/","og_locale":"de_DE","og_type":"article","og_title":"Activit\u00e9 p\u00e9riscolaire \u00e9l\u00e9mentaire bricolage - jardinage, les mardis de 16h \u00e0 17h - EFDB","og_description":"Avec les enfants en atelier jardinage du mardi nous avons r\u00e9alis\u00e9 des \u0153ufs de P\u00e2ques fa\u00e7on jardinage !Des coquilles d&#8217;\u0153ufs, du terreau et des graines, ici du basilic, et le tour est jou\u00e9 !\u00a0Il ne reste plus qu\u2019\u00e0 arroser et attendre que les plantations pointent le bout de leur nez.Bravo aux enfants pour leurs r\u00e9alisations.\u00a0Oc\u00e9ane [&hellip;]","og_url":"https:\/\/www.efdb.ch\/de\/10778-2-2-2-2-2-2-2-2-2-2-2-3-2-2-2-4-2-2-2-2-2-2-3-3\/","og_site_name":"EFDB","article_published_time":"2021-04-01T13:02:11+00:00","article_modified_time":"2021-04-01T13:02:14+00:00","author":"elementaire","twitter_card":"summary_large_image","twitter_misc":{"Verfasst von":"elementaire","Gesch\u00e4tzte Lesezeit":"1\u00a0Minute"},"schema":{"@context":"https:\/\/schema.org","@graph":[{"@type":"Article","@id":"https:\/\/www.efdb.ch\/de\/10778-2-2-2-2-2-2-2-2-2-2-2-3-2-2-2-4-2-2-2-2-2-2-3-3\/#article","isPartOf":{"@id":"https:\/\/www.efdb.ch\/de\/10778-2-2-2-2-2-2-2-2-2-2-2-3-2-2-2-4-2-2-2-2-2-2-3-3\/"},"author":{"name":"elementaire","@id":"https:\/\/www.efdb.ch\/de\/#\/schema\/person\/dbd54f20fa2ff82ade0c1ec429cfc90f"},"headline":"Activit\u00e9 p\u00e9riscolaire \u00e9l\u00e9mentaire bricolage &#8211; jardinage, les mardis de 16h \u00e0 17h","datePublished":"2021-04-01T13:02:11+00:00","dateModified":"2021-04-01T13:02:14+00:00","mainEntityOfPage":{"@id":"https:\/\/www.efdb.ch\/de\/10778-2-2-2-2-2-2-2-2-2-2-2-3-2-2-2-4-2-2-2-2-2-2-3-3\/"},"wordCount":77,"commentCount":0,"image":{"@id":"https:\/\/www.efdb.ch\/de\/10778-2-2-2-2-2-2-2-2-2-2-2-3-2-2-2-4-2-2-2-2-2-2-3-3\/#primaryimage"},"thumbnailUrl":"https:\/\/www.efdb.ch\/wp-content\/uploads\/2021\/04\/Oeuf-de-Pa\u0302ques-jardinage_-pdf.jpg","articleSection":["Blog","\u00c9l\u00e9mentaire","P\u00e9riscolaire"],"inLanguage":"de","potentialAction":[{"@type":"CommentAction","name":"Comment","target":["https:\/\/www.efdb.ch\/de\/10778-2-2-2-2-2-2-2-2-2-2-2-3-2-2-2-4-2-2-2-2-2-2-3-3\/#respond"]}]},{"@type":"WebPage","@id":"https:\/\/www.efdb.ch\/de\/10778-2-2-2-2-2-2-2-2-2-2-2-3-2-2-2-4-2-2-2-2-2-2-3-3\/","url":"https:\/\/www.efdb.ch\/de\/10778-2-2-2-2-2-2-2-2-2-2-2-3-2-2-2-4-2-2-2-2-2-2-3-3\/","name":"Activit\u00e9 p\u00e9riscolaire \u00e9l\u00e9mentaire bricolage - jardinage, les mardis de 16h \u00e0 17h - EFDB","isPartOf":{"@id":"https:\/\/www.efdb.ch\/de\/#website"},"primaryImageOfPage":{"@id":"https:\/\/www.efdb.ch\/de\/10778-2-2-2-2-2-2-2-2-2-2-2-3-2-2-2-4-2-2-2-2-2-2-3-3\/#primaryimage"},"image":{"@id":"https:\/\/www.efdb.ch\/de\/10778-2-2-2-2-2-2-2-2-2-2-2-3-2-2-2-4-2-2-2-2-2-2-3-3\/#primaryimage"},"thumbnailUrl":"https:\/\/www.efdb.ch\/wp-content\/uploads\/2021\/04\/Oeuf-de-Pa\u0302ques-jardinage_-pdf.jpg","datePublished":"2021-04-01T13:02:11+00:00","dateModified":"2021-04-01T13:02:14+00:00","author":{"@id":"https:\/\/www.efdb.ch\/de\/#\/schema\/person\/dbd54f20fa2ff82ade0c1ec429cfc90f"},"breadcrumb":{"@id":"https:\/\/www.efdb.ch\/de\/10778-2-2-2-2-2-2-2-2-2-2-2-3-2-2-2-4-2-2-2-2-2-2-3-3\/#breadcrumb"},"inLanguage":"de","potentialAction":[{"@type":"ReadAction","target":["https:\/\/www.efdb.ch\/de\/10778-2-2-2-2-2-2-2-2-2-2-2-3-2-2-2-4-2-2-2-2-2-2-3-3\/"]}]},{"@type":"ImageObject","inLanguage":"de","@id":"https:\/\/www.efdb.ch\/de\/10778-2-2-2-2-2-2-2-2-2-2-2-3-2-2-2-4-2-2-2-2-2-2-3-3\/#primaryimage","url":"https:\/\/www.efdb.ch\/wp-content\/uploads\/2021\/04\/Oeuf-de-Pa\u0302ques-jardinage_-pdf.jpg","contentUrl":"https:\/\/www.efdb.ch\/wp-content\/uploads\/2021\/04\/Oeuf-de-Pa\u0302ques-jardinage_-pdf.jpg"},{"@type":"BreadcrumbList","@id":"https:\/\/www.efdb.ch\/de\/10778-2-2-2-2-2-2-2-2-2-2-2-3-2-2-2-4-2-2-2-2-2-2-3-3\/#breadcrumb","itemListElement":[{"@type":"ListItem","position":1,"name":"Accueil","item":"https:\/\/www.efdb.ch\/de\/"},{"@type":"ListItem","position":2,"name":"Activit\u00e9 p\u00e9riscolaire \u00e9l\u00e9mentaire bricolage &#8211; jardinage, les mardis de 16h \u00e0 17h"}]},{"@type":"WebSite","@id":"https:\/\/www.efdb.ch\/de\/#website","url":"https:\/\/www.efdb.ch\/de\/","name":"EFDB","description":"\u00c9cole fran\u00e7aise de B\u00e2le","potentialAction":[{"@type":"SearchAction","target":{"@type":"EntryPoint","urlTemplate":"https:\/\/www.efdb.ch\/de\/?s={search_term_string}"},"query-input":{"@type":"PropertyValueSpecification","valueRequired":true,"valueName":"search_term_string"}}],"inLanguage":"de"},{"@type":"Person","@id":"https:\/\/www.efdb.ch\/de\/#\/schema\/person\/dbd54f20fa2ff82ade0c1ec429cfc90f","name":"elementaire","url":"https:\/\/www.efdb.ch\/de\/author\/elementaire\/"}]}},"_links":{"self":[{"href":"https:\/\/www.efdb.ch\/de\/wp-json\/wp\/v2\/posts\/12808","targetHints":{"allow":["GET"]}}],"collection":[{"href":"https:\/\/www.efdb.ch\/de\/wp-json\/wp\/v2\/posts"}],"about":[{"href":"https:\/\/www.efdb.ch\/de\/wp-json\/wp\/v2\/types\/post"}],"author":[{"embeddable":true,"href":"https:\/\/www.efdb.ch\/de\/wp-json\/wp\/v2\/users\/4"}],"replies":[{"embeddable":true,"href":"https:\/\/www.efdb.ch\/de\/wp-json\/wp\/v2\/comments?post=12808"}],"version-history":[{"count":1,"href":"https:\/\/www.efdb.ch\/de\/wp-json\/wp\/v2\/posts\/12808\/revisions"}],"predecessor-version":[{"id":12812,"href":"https:\/\/www.efdb.ch\/de\/wp-json\/wp\/v2\/posts\/12808\/revisions\/12812"}],"wp:featuredmedia":[{"embeddable":true,"href":"https:\/\/www.efdb.ch\/de\/wp-json\/wp\/v2\/media\/12809"}],"wp:attachment":[{"href":"https:\/\/www.efdb.ch\/de\/wp-json\/wp\/v2\/media?parent=12808"}],"wp:term":[{"taxonomy":"category","embeddable":true,"href":"https:\/\/www.efdb.ch\/de\/wp-json\/wp\/v2\/categories?post=12808"},{"taxonomy":"post_tag","embeddable":true,"href":"https:\/\/www.efdb.ch\/de\/wp-json\/wp\/v2\/tags?post=12808"}],"curies":[{"name":"wp","href":"https:\/\/api.w.org\/{rel}","templated":true}]}}